{"id":2305,"date":"2023-07-25T16:56:34","date_gmt":"2023-07-25T15:56:34","guid":{"rendered":"https:\/\/www.ruthschmidt.com\/?p=2305"},"modified":"2026-04-22T15:02:41","modified_gmt":"2026-04-22T14:02:41","slug":"lost-eden-2023","status":"publish","type":"post","link":"https:\/\/www.ruthschmidt.com\/en\/elveszett-eden-2023\/","title":{"rendered":"Lost Eden"},"content":{"rendered":"<p class=\"wp-block-paragraph\">74 cm, oil on canvas<\/p>\n\n\n\n<p class=\"wp-block-paragraph\">\u00a0\u00a0\u00a0\u00a0\u00a0\u00a0\u00a0\u00a0\u00a0\u00a0Many of us have heard or seen families where verbal or physical domestic abuse was a frequent occurrence. Where the relationship between the father and mother deteriorated to the point where they were unable to communicate with each other in a normal tone of voice. Here, because of the parents' foolishness, the children's souls were damaged the most, as they heard and saw what was happening at home behind closed doors. For children facing verbal aggression, this causes pain not only in the given moment, but it can also affect their entire lives. As adults, some of them have become emotionally damaged, unstable, and unable to form relationships... \u00a0\u00a0\u00a0\u00a0\u00a0\u00a0\u00a0\u00a0\u00a0\u00a0<\/p>\n\n\n\n<p class=\"wp-block-paragraph\"> \u2026yet in the past, they used to have idyllic conditions, their parents were in love, loved and respected (?) each other\u2026 which was lost along the way. This painting is about these families, and at the same time it is also a warning that with our words (deeds) we can plunge each other into the greatest depths instead of the heights.<\/p>\n\n\n\n<p class=\"wp-block-paragraph\"><\/p>","protected":false},"excerpt":{"rendered":"<p>74 cm, olaj, v\u00e1szon \u00a0\u00a0\u00a0\u00a0\u00a0\u00a0\u00a0\u00a0\u00a0\u00a0Sokan hallottunk vagy l\u00e1ttunk olyan csal\u00e1dokat, ahol a csal\u00e1don bel\u00fcli verb\u00e1lis vagy fizik\u00e1lis b\u00e1ntalmaz\u00e1s gyakori jelens\u00e9g volt. Ahol az apa \u00e9s anya kapcsolata annyira megromlott, hogy nem voltak k\u00e9pesek norm\u00e1lis hangnemben kommunik\u00e1lni egym\u00e1ssal. Itt a sz\u00fcl\u0151k b\u00f6lcstelens\u00e9ge miatt a gyerekek lelke s\u00e9r\u00fclt a legjobban mivel \u0151k hallott\u00e1k \u00e9s l\u00e1tt\u00e1k ami zajlott [&hellip;]<\/p>\n","protected":false},"author":2,"featured_media":2296,"comment_status":"open","ping_status":"open","sticky":false,"template":"","format":"standard","meta":{"footnotes":""},"categories":[32],"tags":[],"class_list":["post-2305","post","type-post","status-publish","format-standard","has-post-thumbnail","hentry","category-szimbolista-szurrealista-festmenyek"],"_links":{"self":[{"href":"https:\/\/www.ruthschmidt.com\/en\/wp-json\/wp\/v2\/posts\/2305","targetHints":{"allow":["GET"]}}],"collection":[{"href":"https:\/\/www.ruthschmidt.com\/en\/wp-json\/wp\/v2\/posts"}],"about":[{"href":"https:\/\/www.ruthschmidt.com\/en\/wp-json\/wp\/v2\/types\/post"}],"author":[{"embeddable":true,"href":"https:\/\/www.ruthschmidt.com\/en\/wp-json\/wp\/v2\/users\/2"}],"replies":[{"embeddable":true,"href":"https:\/\/www.ruthschmidt.com\/en\/wp-json\/wp\/v2\/comments?post=2305"}],"version-history":[{"count":9,"href":"https:\/\/www.ruthschmidt.com\/en\/wp-json\/wp\/v2\/posts\/2305\/revisions"}],"predecessor-version":[{"id":3713,"href":"https:\/\/www.ruthschmidt.com\/en\/wp-json\/wp\/v2\/posts\/2305\/revisions\/3713"}],"wp:featuredmedia":[{"embeddable":true,"href":"https:\/\/www.ruthschmidt.com\/en\/wp-json\/wp\/v2\/media\/2296"}],"wp:attachment":[{"href":"https:\/\/www.ruthschmidt.com\/en\/wp-json\/wp\/v2\/media?parent=2305"}],"wp:term":[{"taxonomy":"category","embeddable":true,"href":"https:\/\/www.ruthschmidt.com\/en\/wp-json\/wp\/v2\/categories?post=2305"},{"taxonomy":"post_tag","embeddable":true,"href":"https:\/\/www.ruthschmidt.com\/en\/wp-json\/wp\/v2\/tags?post=2305"}],"curies":[{"name":"Well played","href":"https:\/\/api.w.org\/{rel}","templated":true}]}}